{"id":992,"date":"2025-12-11T11:33:00","date_gmt":"2025-12-11T18:33:00","guid":{"rendered":"https:\/\/politicayrocknrolradio.org\/noticias\/?p=992"},"modified":"2025-12-11T11:56:52","modified_gmt":"2025-12-11T18:56:52","slug":"robe-iniesta-guitarrista-simbolo-y-compositor-de-la-banda-extremoduro-ha-fallecido-a-los-63-anos","status":"publish","type":"post","link":"https:\/\/politicayrocknrolradio.org\/noticias\/2025\/12\/11\/robe-iniesta-guitarrista-simbolo-y-compositor-de-la-banda-extremoduro-ha-fallecido-a-los-63-anos\/","title":{"rendered":"Robe Iniesta guitarrista, s\u00edmbolo y compositor de la banda Extremoduro, ha fallecido a los 63 a\u00f1os."},"content":{"rendered":"<p>Robe Iniesta guitarrista, s\u00edmbolo y compositor de la banda Extremoduro, ha fallecido a los 63 a\u00f1os. Referente del rock espa\u00f1ol contempor\u00e1neo y uno de los mejores letristas del g\u00e9nero. Al momento de redactar la nota no hay mucha informaci\u00f3n de la causa de su muerte, pero meses atr\u00e1s hab\u00eda suspendido su tour por tromboembolismo pulmonar. Su muerte un d\u00eda despu\u00e9s, tiempo de Espa\u00f1a de la de Jorge Mart\u00ednez de Ilegales han sido duros golpes para la escena musical ib\u00e9rica.<\/p>\n<p><a href=\"https:\/\/politicayrocknrolradio.org\/noticias\/wp-content\/uploads\/2025\/12\/image.png\" rel=\"attachment wp-att-993\"><img loading=\"lazy\" decoding=\"async\" src=\"https:\/\/politicayrocknrolradio.org\/noticias\/wp-content\/uploads\/2025\/12\/image.png\" alt=\"\" title=\"image-png\" width=\"1024\" height=\"1024\" class=\"alignnone size-full wp-image-993\" srcset=\"https:\/\/politicayrocknrolradio.org\/noticias\/wp-content\/uploads\/2025\/12\/image-150x150.png 150w, https:\/\/politicayrocknrolradio.org\/noticias\/wp-content\/uploads\/2025\/12\/image-400x400.png 400w\" sizes=\"auto, (max-width: 1024px) 100vw, 1024px\" \/><\/a><\/p>\n","protected":false},"excerpt":{"rendered":"<p>Robe Iniesta guitarrista, s\u00edmbolo y compositor de la banda Extremoduro, ha fallecido a los 63 a\u00f1os. Referente del rock espa\u00f1ol contempor\u00e1neo y uno de los mejores letristas del g\u00e9nero. Al momento de redactar la nota no hay mucha informaci\u00f3n de la causa de su muerte, pero meses atr\u00e1s hab\u00eda suspendido su tour por tromboembolismo pulmonar&#8230;.<\/p>\n","protected":false},"author":1,"featured_media":993,"comment_status":"open","ping_status":"open","sticky":false,"template":"","format":"standard","meta":{"_jetpack_memberships_contains_paid_content":false,"footnotes":""},"categories":[23],"tags":[],"class_list":["post-992","post","type-post","status-publish","format-standard","has-post-thumbnail","hentry","category-rock"],"jetpack_featured_media_url":"https:\/\/politicayrocknrolradio.org\/noticias\/wp-content\/uploads\/2025\/12\/image.png","jetpack_sharing_enabled":true,"_links":{"self":[{"href":"https:\/\/politicayrocknrolradio.org\/noticias\/wp-json\/wp\/v2\/posts\/992","targetHints":{"allow":["GET"]}}],"collection":[{"href":"https:\/\/politicayrocknrolradio.org\/noticias\/wp-json\/wp\/v2\/posts"}],"about":[{"href":"https:\/\/politicayrocknrolradio.org\/noticias\/wp-json\/wp\/v2\/types\/post"}],"author":[{"embeddable":true,"href":"https:\/\/politicayrocknrolradio.org\/noticias\/wp-json\/wp\/v2\/users\/1"}],"replies":[{"embeddable":true,"href":"https:\/\/politicayrocknrolradio.org\/noticias\/wp-json\/wp\/v2\/comments?post=992"}],"version-history":[{"count":1,"href":"https:\/\/politicayrocknrolradio.org\/noticias\/wp-json\/wp\/v2\/posts\/992\/revisions"}],"predecessor-version":[{"id":994,"href":"https:\/\/politicayrocknrolradio.org\/noticias\/wp-json\/wp\/v2\/posts\/992\/revisions\/994"}],"wp:featuredmedia":[{"embeddable":true,"href":"https:\/\/politicayrocknrolradio.org\/noticias\/wp-json\/wp\/v2\/media\/993"}],"wp:attachment":[{"href":"https:\/\/politicayrocknrolradio.org\/noticias\/wp-json\/wp\/v2\/media?parent=992"}],"wp:term":[{"taxonomy":"category","embeddable":true,"href":"https:\/\/politicayrocknrolradio.org\/noticias\/wp-json\/wp\/v2\/categories?post=992"},{"taxonomy":"post_tag","embeddable":true,"href":"https:\/\/politicayrocknrolradio.org\/noticias\/wp-json\/wp\/v2\/tags?post=992"}],"curies":[{"name":"wp","href":"https:\/\/api.w.org\/{rel}","templated":true}]}}