{"id":941,"date":"2025-11-25T10:11:16","date_gmt":"2025-11-25T17:11:16","guid":{"rendered":"https:\/\/politicayrocknrolradio.org\/noticias\/?p=941"},"modified":"2025-11-25T10:11:16","modified_gmt":"2025-11-25T17:11:16","slug":"tragedia-en-la-tienda-waldos","status":"publish","type":"post","link":"https:\/\/politicayrocknrolradio.org\/noticias\/2025\/11\/25\/tragedia-en-la-tienda-waldos\/","title":{"rendered":"Tragedia en la tienda #Waldos"},"content":{"rendered":"<p>Ma\u00f1ana 20 de noviembre como se\u00f1al de luto por la tragedia en la tienda <a href=\"https:\/\/www.facebook.com\/hashtag\/waldos?__eep__=6&amp;__cft__%5Bobject%201%5D=AZVLzx8aGn2geA95AVQJODZX5_C15i3SBgdlgZtSBsDAVRN69jrIu_oG3YyAX09S_vTkv8ZBK2oN9-xj82Bc6TvZrUTCDgNl9MNXlYukKaiD_kH_j80F5BuZI2V04xwKNNcqzfYWcFZ_DeOa0cnbgw6S2F10Ohjb5xoG_H5mgN_Z_P41n1_2ooJBRXnAgrSdJ-0&amp;__tn__=*NK-R\">#Waldos<\/a> por primera vez no se llevar\u00e1 a cabo el tradicional desfile c\u00edvico, deportivo y militar del 20 de noviembre aqu\u00ed en Hermosillo. Compartimos una foto de los a\u00f1os de esplendor del evento reconstruida de su original en blanco y negro por IA. De qu\u00e9 fecha ser\u00e1?.<\/p>\n<p><a href=\"https:\/\/politicayrocknrolradio.org\/noticias\/wp-content\/uploads\/2025\/11\/image-9.png\" rel=\"attachment wp-att-942\"><img loading=\"lazy\" decoding=\"async\" src=\"https:\/\/politicayrocknrolradio.org\/noticias\/wp-content\/uploads\/2025\/11\/image-9.png\" alt=\"\" title=\"image-9-png\" width=\"1024\" height=\"1024\" class=\"alignnone size-full wp-image-942\" \/><\/a><\/p>\n","protected":false},"excerpt":{"rendered":"<p>Ma\u00f1ana 20 de noviembre como se\u00f1al de luto por la tragedia en la tienda #Waldos por primera vez no se llevar\u00e1 a cabo el tradicional desfile c\u00edvico, deportivo y militar del 20 de noviembre aqu\u00ed en Hermosillo. Compartimos una foto de los a\u00f1os de esplendor del evento reconstruida de su original en blanco y negro&#8230;<\/p>\n","protected":false},"author":1,"featured_media":942,"comment_status":"open","ping_status":"open","sticky":false,"template":"","format":"standard","meta":{"_jetpack_memberships_contains_paid_content":false,"footnotes":""},"categories":[19],"tags":[],"class_list":["post-941","post","type-post","status-publish","format-standard","has-post-thumbnail","hentry","category-hermosillo"],"jetpack_featured_media_url":"https:\/\/politicayrocknrolradio.org\/noticias\/wp-content\/uploads\/2025\/11\/image-9.png","jetpack_sharing_enabled":true,"_links":{"self":[{"href":"https:\/\/politicayrocknrolradio.org\/noticias\/wp-json\/wp\/v2\/posts\/941","targetHints":{"allow":["GET"]}}],"collection":[{"href":"https:\/\/politicayrocknrolradio.org\/noticias\/wp-json\/wp\/v2\/posts"}],"about":[{"href":"https:\/\/politicayrocknrolradio.org\/noticias\/wp-json\/wp\/v2\/types\/post"}],"author":[{"embeddable":true,"href":"https:\/\/politicayrocknrolradio.org\/noticias\/wp-json\/wp\/v2\/users\/1"}],"replies":[{"embeddable":true,"href":"https:\/\/politicayrocknrolradio.org\/noticias\/wp-json\/wp\/v2\/comments?post=941"}],"version-history":[{"count":1,"href":"https:\/\/politicayrocknrolradio.org\/noticias\/wp-json\/wp\/v2\/posts\/941\/revisions"}],"predecessor-version":[{"id":943,"href":"https:\/\/politicayrocknrolradio.org\/noticias\/wp-json\/wp\/v2\/posts\/941\/revisions\/943"}],"wp:featuredmedia":[{"embeddable":true,"href":"https:\/\/politicayrocknrolradio.org\/noticias\/wp-json\/wp\/v2\/media\/942"}],"wp:attachment":[{"href":"https:\/\/politicayrocknrolradio.org\/noticias\/wp-json\/wp\/v2\/media?parent=941"}],"wp:term":[{"taxonomy":"category","embeddable":true,"href":"https:\/\/politicayrocknrolradio.org\/noticias\/wp-json\/wp\/v2\/categories?post=941"},{"taxonomy":"post_tag","embeddable":true,"href":"https:\/\/politicayrocknrolradio.org\/noticias\/wp-json\/wp\/v2\/tags?post=941"}],"curies":[{"name":"wp","href":"https:\/\/api.w.org\/{rel}","templated":true}]}}