{"id":935,"date":"2025-11-25T16:43:21","date_gmt":"2025-11-25T16:43:21","guid":{"rendered":"https:\/\/politicayrocknrolradio.org\/noticias\/?p=935"},"modified":"2025-11-25T16:43:21","modified_gmt":"2025-11-25T16:43:21","slug":"gary-mounfield-fallecio-a-los-63-anos","status":"publish","type":"post","link":"https:\/\/politicayrocknrolradio.org\/noticias\/2025\/11\/25\/gary-mounfield-fallecio-a-los-63-anos\/","title":{"rendered":"Gary Mounfield, falleci\u00f3 a los 63 a\u00f1os"},"content":{"rendered":"<p>El bajista de las hist\u00f3ricas agrupaciones del sonido de Manchester, Stone Roses y Primal Scream, Gary Mounfield, falleci\u00f3 a los 63 a\u00f1os. Fundador de los Stone Roses, el m\u00fasico se uni\u00f3 a Primal Scream en 1996, tocando con ellos por tres lustros, aunque en 2012, tambi\u00e9n volvi\u00f3 con su antigua banda, tras la reunificaci\u00f3n de los Stone Roses ese mismo a\u00f1o. Liam Galagher vocalista de Oasis, grupo nacido en esa misma ciudad, quienes han confesado que en sus inicios estaban muy influenciados tanto por los Stones Roses como los Primal Scream, poste\u00f3 en sus redes sociales que estaba en shock ante la muerte de qui\u00e9n consider\u00f3 su gran h\u00e9roe musical. Descanse en paz.<\/p>\n<p><a href=\"https:\/\/politicayrocknrolradio.org\/noticias\/wp-content\/uploads\/2025\/11\/image-7.png\" rel=\"attachment wp-att-936\"><img loading=\"lazy\" decoding=\"async\" src=\"https:\/\/politicayrocknrolradio.org\/noticias\/wp-content\/uploads\/2025\/11\/image-7.png\" alt=\"\" title=\"image-7-png\" width=\"1024\" height=\"1024\" class=\"alignnone size-full wp-image-936\" srcset=\"https:\/\/politicayrocknrolradio.org\/noticias\/wp-content\/uploads\/2025\/11\/image-7.png 526w, https:\/\/politicayrocknrolradio.org\/noticias\/wp-content\/uploads\/2025\/11\/image-7-300x300.png 300w, https:\/\/politicayrocknrolradio.org\/noticias\/wp-content\/uploads\/2025\/11\/image-7-150x150.png 150w\" sizes=\"auto, (max-width: 1024px) 100vw, 1024px\" \/><\/a><\/p>\n","protected":false},"excerpt":{"rendered":"<p>El bajista de las hist\u00f3ricas agrupaciones del sonido de Manchester, Stone Roses y Primal Scream, Gary Mounfield, falleci\u00f3 a los 63 a\u00f1os. Fundador de los Stone Roses, el m\u00fasico se uni\u00f3 a Primal Scream en 1996, tocando con ellos por tres lustros, aunque en 2012, tambi\u00e9n volvi\u00f3 con su antigua banda, tras la reunificaci\u00f3n de&#8230;<\/p>\n","protected":false},"author":1,"featured_media":936,"comment_status":"open","ping_status":"open","sticky":false,"template":"","format":"standard","meta":{"_jetpack_memberships_contains_paid_content":false,"footnotes":""},"categories":[18],"tags":[],"class_list":["post-935","post","type-post","status-publish","format-standard","has-post-thumbnail","hentry","category-musica"],"jetpack_featured_media_url":"https:\/\/politicayrocknrolradio.org\/noticias\/wp-content\/uploads\/2025\/11\/image-7.png","jetpack_sharing_enabled":true,"_links":{"self":[{"href":"https:\/\/politicayrocknrolradio.org\/noticias\/wp-json\/wp\/v2\/posts\/935","targetHints":{"allow":["GET"]}}],"collection":[{"href":"https:\/\/politicayrocknrolradio.org\/noticias\/wp-json\/wp\/v2\/posts"}],"about":[{"href":"https:\/\/politicayrocknrolradio.org\/noticias\/wp-json\/wp\/v2\/types\/post"}],"author":[{"embeddable":true,"href":"https:\/\/politicayrocknrolradio.org\/noticias\/wp-json\/wp\/v2\/users\/1"}],"replies":[{"embeddable":true,"href":"https:\/\/politicayrocknrolradio.org\/noticias\/wp-json\/wp\/v2\/comments?post=935"}],"version-history":[{"count":1,"href":"https:\/\/politicayrocknrolradio.org\/noticias\/wp-json\/wp\/v2\/posts\/935\/revisions"}],"predecessor-version":[{"id":937,"href":"https:\/\/politicayrocknrolradio.org\/noticias\/wp-json\/wp\/v2\/posts\/935\/revisions\/937"}],"wp:featuredmedia":[{"embeddable":true,"href":"https:\/\/politicayrocknrolradio.org\/noticias\/wp-json\/wp\/v2\/media\/936"}],"wp:attachment":[{"href":"https:\/\/politicayrocknrolradio.org\/noticias\/wp-json\/wp\/v2\/media?parent=935"}],"wp:term":[{"taxonomy":"category","embeddable":true,"href":"https:\/\/politicayrocknrolradio.org\/noticias\/wp-json\/wp\/v2\/categories?post=935"},{"taxonomy":"post_tag","embeddable":true,"href":"https:\/\/politicayrocknrolradio.org\/noticias\/wp-json\/wp\/v2\/tags?post=935"}],"curies":[{"name":"wp","href":"https:\/\/api.w.org\/{rel}","templated":true}]}}