{"id":924,"date":"2025-11-25T16:21:26","date_gmt":"2025-11-25T16:21:26","guid":{"rendered":"https:\/\/politicayrocknrolradio.org\/noticias\/?p=924"},"modified":"2025-11-25T16:21:26","modified_gmt":"2025-11-25T16:21:26","slug":"punk-rock-dk-night-con-mario-rzewlowsky","status":"publish","type":"post","link":"https:\/\/politicayrocknrolradio.org\/noticias\/2025\/11\/25\/punk-rock-dk-night-con-mario-rzewlowsky\/","title":{"rendered":"Punk Rock DK Night con Mario Rzewlowsky"},"content":{"rendered":"<p>Hoy en punto de la 22:00 horas, estaremos de celebraci\u00f3n con la edici\u00f3n de medio centenario de Punk Rock DK Night con Mario Rzewlowsky, quien tendr\u00e1 a los siguientes invitados musicales.<\/p>\n<p><a href=\"https:\/\/politicayrocknrolradio.org\/noticias\/wp-content\/uploads\/2025\/11\/image-3.png\" rel=\"attachment wp-att-925\"><img loading=\"lazy\" decoding=\"async\" src=\"https:\/\/politicayrocknrolradio.org\/noticias\/wp-content\/uploads\/2025\/11\/image-3.png\" alt=\"\" title=\"image-3-png\" width=\"1024\" height=\"1024\" class=\"alignnone size-full wp-image-925\" \/><\/a><\/p>\n","protected":false},"excerpt":{"rendered":"<p>Hoy en punto de la 22:00 horas, estaremos de celebraci\u00f3n con la edici\u00f3n de medio centenario de Punk Rock DK Night con Mario Rzewlowsky, quien tendr\u00e1 a los siguientes invitados musicales.<\/p>\n","protected":false},"author":1,"featured_media":925,"comment_status":"open","ping_status":"open","sticky":false,"template":"","format":"standard","meta":{"_jetpack_memberships_contains_paid_content":false,"footnotes":""},"categories":[18],"tags":[],"class_list":["post-924","post","type-post","status-publish","format-standard","has-post-thumbnail","hentry","category-musica"],"jetpack_featured_media_url":"https:\/\/politicayrocknrolradio.org\/noticias\/wp-content\/uploads\/2025\/11\/image-3.png","jetpack_sharing_enabled":true,"_links":{"self":[{"href":"https:\/\/politicayrocknrolradio.org\/noticias\/wp-json\/wp\/v2\/posts\/924","targetHints":{"allow":["GET"]}}],"collection":[{"href":"https:\/\/politicayrocknrolradio.org\/noticias\/wp-json\/wp\/v2\/posts"}],"about":[{"href":"https:\/\/politicayrocknrolradio.org\/noticias\/wp-json\/wp\/v2\/types\/post"}],"author":[{"embeddable":true,"href":"https:\/\/politicayrocknrolradio.org\/noticias\/wp-json\/wp\/v2\/users\/1"}],"replies":[{"embeddable":true,"href":"https:\/\/politicayrocknrolradio.org\/noticias\/wp-json\/wp\/v2\/comments?post=924"}],"version-history":[{"count":1,"href":"https:\/\/politicayrocknrolradio.org\/noticias\/wp-json\/wp\/v2\/posts\/924\/revisions"}],"predecessor-version":[{"id":926,"href":"https:\/\/politicayrocknrolradio.org\/noticias\/wp-json\/wp\/v2\/posts\/924\/revisions\/926"}],"wp:featuredmedia":[{"embeddable":true,"href":"https:\/\/politicayrocknrolradio.org\/noticias\/wp-json\/wp\/v2\/media\/925"}],"wp:attachment":[{"href":"https:\/\/politicayrocknrolradio.org\/noticias\/wp-json\/wp\/v2\/media?parent=924"}],"wp:term":[{"taxonomy":"category","embeddable":true,"href":"https:\/\/politicayrocknrolradio.org\/noticias\/wp-json\/wp\/v2\/categories?post=924"},{"taxonomy":"post_tag","embeddable":true,"href":"https:\/\/politicayrocknrolradio.org\/noticias\/wp-json\/wp\/v2\/tags?post=924"}],"curies":[{"name":"wp","href":"https:\/\/api.w.org\/{rel}","templated":true}]}}