{"id":909,"date":"2025-11-25T15:53:20","date_gmt":"2025-11-25T15:53:20","guid":{"rendered":"https:\/\/politicayrocknrolradio.org\/noticias\/?p=909"},"modified":"2025-11-25T15:54:26","modified_gmt":"2025-11-25T15:54:26","slug":"los-autenticos-decadentes-en-hermosillo-cronica-fotos-amilcar-penunuri","status":"publish","type":"post","link":"https:\/\/politicayrocknrolradio.org\/noticias\/2025\/11\/25\/los-autenticos-decadentes-en-hermosillo-cronica-fotos-amilcar-penunuri\/","title":{"rendered":"Los Aut\u00e9nticos Decadentes en Hermosillo (Cr\u00f3nica, fotos, Am\u00edlcar Pe\u00f1\u00fa\u00f1uri)."},"content":{"rendered":"<p>Los Aut\u00e9nticos Decadentes en Hermosillo (Cr\u00f3nica, fotos, Am\u00edlcar Pe\u00f1\u00fa\u00f1uri).<br \/>\nLos argentinos de los Aut\u00e9nticos Decadentes, ofrecieron un generoso repertorio de grandes \u00e9xitos de su larga carrera de casi 40 a\u00f1os en los escenarios, ante alrededor de un millar de entusiastas seguidores locales que se dieron cita la noche del domingo en el Aut\u00f3dromo de Hermosillo. Los de Buenos Aires iniciaron con la m\u00e1s que emblem\u00e1tica rola de su disco que motiv\u00f3 esta gira, ante el de trig\u00e9simo aniversario, del album &quot;La vida Loca&quot; que conten\u00eda el himno transgeneracional de la \u201cincomprensi\u00f3n paterna\u201d, es decir, la rola de &quot;La Guitarra&quot;, melod\u00eda que inaugur\u00f3 los festejos en tierra vaquera del Hip\u00f3dromo de la ciudad, siguiendo con otros temas de los m\u00e1s populares entre otras, la balada cumbiera de &quot;Coraz\u00f3n&quot;, que llega guapachosamente sobre todo ante la gran ovaci\u00f3n que recibe Jorge Serrano, una de las voces m\u00e1s caracter\u00edsticas de la agrupaci\u00f3n, que se queda para interpretar la muy coreada, \u201cVivir\u00e9 por Siempre&quot;, el gran interprete y animador de la<br \/>\nBanda &quot;Cucho Parisi\u201d, retoma el rol de cantante principal del grupo m\u00e1s tarde, al contagiarnos con la fiestera &quot;Los Piratas&quot;, vaya m\u00e9rito de Parisi, de contagiar a cientos de los congregados en un siempre antit\u00e9tico domingo, pero lo logra con creces. No hay respiro, despu\u00e9s de ligar la de &quot;Ven\u00ed Raquel\u201d, para que Serrano regrese con la guitarrera, confesional y &quot;bipolar\u201d, &quot;Osito de Peluche de Taiw\u00e1n&quot;.<br \/>\nDiego de Marco, el lira original de \u201cTodos tus Muertos\u201d, toma su set, en al menos un par de ocasiones enfundado en unos super blancos pantalones de cientos de brillitos, con su cl\u00e1sica Gibson SG al frente, nos recuerda pulsando la lira y soplando su flauta quechua, en ritmo y sinton\u00eda para redescubrir la simplicidad y belleza punketa de \u201cGente que No\u201d, cuando de Marco, de nuevo toma el escenario, en uno de sus \u00faltimos turnos de la noche en las vocales principales.<br \/>\nAntes hizo cantar a cientos de gargantas con sus baladas como \u201cBes\u00e1ndote\u201d, as\u00ed los Decadentes, se alternan en las rolas, entre los diferentes integrantes, sin al parecer mucho celo, reconociendo el aporte, la trayectoria, y la respuesta de los p\u00fablicos a las propuestas musicales de cada estilo vocal.<br \/>\nPodemos decir con toda honestidad que hemos tenido la oportunidad de ver a los Decadentes de manera extraordinariamente circunstancial en distintos escenarios, lo cierto es que hoy de nueva cuenta demostraron que toques ante mil, como hoy, o los cuarenta mil de apenas el s\u00e1bado anterior en el estadio de Diablos Rojos, el &quot;Harp Hel\u00fa, o 65 mil en un Foro Sol, o en una colmada \u201cPlaza de Toros, M\u00e9xico\u201d, jam\u00e1s han ca\u00eddo en la tentaci\u00f3n la gran constelaci\u00f3n de m\u00fasicos fundada en Buenos Aires en 1986, el bajarle al beat para evitar el m\u00e1ximo esfuerzo, para ellos nunca es impedimento el aforo para que hagan sonar su propuesta con toda la energ\u00eda posible y entrega a su p\u00fablico. Despu\u00e9s de la balada de \u201cEl P\u00e1jaro&#8230;&quot;, la m\u00e1s cantada tal vez de las baladas de la noche, aqu\u00ed los argentinos narran sin pudor la veraniega historia de \u201cLa Prima Lejana\u201d, para despu\u00e9s sacar los bombos y azotar los mazos con \u201cEl Murguero\u201d, y el &quot;Tutatut\u00e1&quot;, bajar enseguida un poco el decibel con \u201cAmor\u201d, m\u00e1s no emoci\u00f3n, ni fuerza, para seguir con la siempre esperada \u201cComo me voy a Olvidar\u201d, sobre todo despu\u00e9s del d\u00eda de \u201cSanta Cecilia\u201d y la chica amada en la rola, hasta despedirse antes del encore con \u201cSomos\u201d, de uno de sus mejores discos el \u201cAtl\u00e9tico Decadente\u201d, del 2006.<br \/>\nRegresan del encore, para desabrochar el recuerdo compartido seguramente por cientos de \u201cLoco tu Forma de Ser\u201d, cerrando alrededor de la medianoche con toda emoci\u00f3n con \u201cLa Banda Sigue\u201d, rolas que nos obsequiaron como bono democr\u00e1tico musical, ante el indiscutible triunfo del plebiscito que los Decadentes hicieron despu\u00e9s del encore y que se gan\u00f3 por abrumadora mayor\u00eda ante la pregunta, fraseada una y otra vez por uno de sus integrantes, si quer\u00edamos que siguiera la fiesta&#8230;<br \/>\nAl fin una elecci\u00f3n con final feliz y promesas cumplidas. Lo de c\u00f3mo devolverse a la ciudad, se resuelve m\u00e1s tarde. Un gran show, que ser\u00e1 recordado por d\u00e9cadas en Hermosillo de una de las bandas, por mucho, m\u00e1s importantes en la historia del rock argentino, una de las m\u00e1s populares que han llegado de la lejana rep\u00fablica blanquiceleste a nuestro pa\u00eds y una de las de mayor importancia que han actuado en Hermosillo desde el d\u00eda que vinieron &quot;Los Cadillacs&quot; al &quot;Rola&quot; y a La Sauceda, hace muchos ayeres. &quot;Los Aut\u00e9nticos&quot; se unen a otras leyendas argentinas que nos ha visitado , &quot;Fito P\u00e1ez&quot;, &quot;Babas\u00f3nicos&quot;, &quot;Rata Blanca&quot;, &quot;2 Minutos&quot;, &quot;Miguel Mateos&quot;, &quot;Enanitos Verdes&quot;, &quot;Caligaris&quot;, \u201cTodos tus Muertos&quot;, entre otros. <a href=\"https:\/\/www.facebook.com\/AutenticosDecadentes?__cft__%5Bobject%201%5D=AZV1NrCbCk6fqc_eSsIP5sgMR9wNZG5whLWVGGk9fjDd5cwWREFuEptk6QqIYU8Ya89-SrNbQvJUJ6y441lMjMiIBqEZ7QWv7Y1qgxo5bvAMuyQ1bISCouGY2Sy2MxAfXKwB8uSfTK6Eq5uI64bx8qEQAlVOhEyBn7ZRvep3pZt5vkpIMrV3ATlh9BTYwl24rKo&amp;__tn__=-%5DK-R\">AutenticosDecadentes<\/a> <img loading=\"lazy\" decoding=\"async\" height=\"16\" width=\"16\" alt=\"\ud83e\udd1f\" src=\"https:\/\/static.xx.fbcdn.net\/images\/emoji.php\/v9\/t66\/1\/16\/1f91f.png\" \/><\/p>\n<div id='gallery-1' class='gallery galleryid-909 gallery-columns-3 gallery-size-thumbnail'><figure class='gallery-item'>\n\t\t\t<div class='gallery-icon landscape'>\n\t\t\t\t<a href='https:\/\/politicayrocknrolradio.org\/noticias\/2025\/11\/25\/los-autenticos-decadentes-en-hermosillo-cronica-fotos-amilcar-penunuri\/589527434_1518364376573746_6947814909081843220_n\/'><img loading=\"lazy\" decoding=\"async\" width=\"150\" height=\"150\" src=\"https:\/\/politicayrocknrolradio.org\/noticias\/wp-content\/uploads\/2025\/11\/589527434_1518364376573746_6947814909081843220_n-150x150.jpg\" class=\"attachment-thumbnail size-thumbnail\" alt=\"\" \/><\/a>\n\t\t\t<\/div><\/figure><figure class='gallery-item'>\n\t\t\t<div class='gallery-icon landscape'>\n\t\t\t\t<a href='https:\/\/politicayrocknrolradio.org\/noticias\/2025\/11\/25\/los-autenticos-decadentes-en-hermosillo-cronica-fotos-amilcar-penunuri\/587543605_1518364493240401_9222225263451201385_n\/'><img loading=\"lazy\" decoding=\"async\" width=\"150\" height=\"150\" src=\"https:\/\/politicayrocknrolradio.org\/noticias\/wp-content\/uploads\/2025\/11\/587543605_1518364493240401_9222225263451201385_n-150x150.jpg\" class=\"attachment-thumbnail size-thumbnail\" alt=\"\" \/><\/a>\n\t\t\t<\/div><\/figure><figure class='gallery-item'>\n\t\t\t<div class='gallery-icon landscape'>\n\t\t\t\t<a href='https:\/\/politicayrocknrolradio.org\/noticias\/2025\/11\/25\/los-autenticos-decadentes-en-hermosillo-cronica-fotos-amilcar-penunuri\/588090222_1518364109907106_313358908915590367_n\/'><img loading=\"lazy\" decoding=\"async\" width=\"150\" height=\"150\" src=\"https:\/\/politicayrocknrolradio.org\/noticias\/wp-content\/uploads\/2025\/11\/588090222_1518364109907106_313358908915590367_n-150x150.jpg\" class=\"attachment-thumbnail size-thumbnail\" alt=\"\" \/><\/a>\n\t\t\t<\/div><\/figure><figure class='gallery-item'>\n\t\t\t<div class='gallery-icon landscape'>\n\t\t\t\t<a href='https:\/\/politicayrocknrolradio.org\/noticias\/2025\/11\/25\/los-autenticos-decadentes-en-hermosillo-cronica-fotos-amilcar-penunuri\/588965129_1518364439907073_3587297808112723070_n\/'><img loading=\"lazy\" decoding=\"async\" width=\"150\" height=\"150\" src=\"https:\/\/politicayrocknrolradio.org\/noticias\/wp-content\/uploads\/2025\/11\/588965129_1518364439907073_3587297808112723070_n-150x150.jpg\" class=\"attachment-thumbnail size-thumbnail\" alt=\"\" \/><\/a>\n\t\t\t<\/div><\/figure>\n\t\t<\/div>\n\n","protected":false},"excerpt":{"rendered":"<p>Los Aut\u00e9nticos Decadentes en Hermosillo (Cr\u00f3nica, fotos, Am\u00edlcar Pe\u00f1\u00fa\u00f1uri). Los argentinos de los Aut\u00e9nticos Decadentes, ofrecieron un generoso repertorio de grandes \u00e9xitos de su larga carrera de casi 40 a\u00f1os en los escenarios, ante alrededor de un millar de entusiastas seguidores locales que se dieron cita la noche del domingo en el Aut\u00f3dromo de Hermosillo&#8230;.<\/p>\n","protected":false},"author":1,"featured_media":912,"comment_status":"open","ping_status":"open","sticky":false,"template":"","format":"standard","meta":{"_jetpack_memberships_contains_paid_content":false,"footnotes":""},"categories":[18],"tags":[],"class_list":["post-909","post","type-post","status-publish","format-standard","has-post-thumbnail","hentry","category-musica"],"jetpack_featured_media_url":"https:\/\/politicayrocknrolradio.org\/noticias\/wp-content\/uploads\/2025\/11\/588090222_1518364109907106_313358908915590367_n.jpg","jetpack_sharing_enabled":true,"_links":{"self":[{"href":"https:\/\/politicayrocknrolradio.org\/noticias\/wp-json\/wp\/v2\/posts\/909","targetHints":{"allow":["GET"]}}],"collection":[{"href":"https:\/\/politicayrocknrolradio.org\/noticias\/wp-json\/wp\/v2\/posts"}],"about":[{"href":"https:\/\/politicayrocknrolradio.org\/noticias\/wp-json\/wp\/v2\/types\/post"}],"author":[{"embeddable":true,"href":"https:\/\/politicayrocknrolradio.org\/noticias\/wp-json\/wp\/v2\/users\/1"}],"replies":[{"embeddable":true,"href":"https:\/\/politicayrocknrolradio.org\/noticias\/wp-json\/wp\/v2\/comments?post=909"}],"version-history":[{"count":1,"href":"https:\/\/politicayrocknrolradio.org\/noticias\/wp-json\/wp\/v2\/posts\/909\/revisions"}],"predecessor-version":[{"id":914,"href":"https:\/\/politicayrocknrolradio.org\/noticias\/wp-json\/wp\/v2\/posts\/909\/revisions\/914"}],"wp:featuredmedia":[{"embeddable":true,"href":"https:\/\/politicayrocknrolradio.org\/noticias\/wp-json\/wp\/v2\/media\/912"}],"wp:attachment":[{"href":"https:\/\/politicayrocknrolradio.org\/noticias\/wp-json\/wp\/v2\/media?parent=909"}],"wp:term":[{"taxonomy":"category","embeddable":true,"href":"https:\/\/politicayrocknrolradio.org\/noticias\/wp-json\/wp\/v2\/categories?post=909"},{"taxonomy":"post_tag","embeddable":true,"href":"https:\/\/politicayrocknrolradio.org\/noticias\/wp-json\/wp\/v2\/tags?post=909"}],"curies":[{"name":"wp","href":"https:\/\/api.w.org\/{rel}","templated":true}]}}