{"id":1005,"date":"2025-12-11T12:05:40","date_gmt":"2025-12-11T19:05:40","guid":{"rendered":"https:\/\/politicayrocknrolradio.org\/noticias\/2025\/12\/11\/hoy-el-diario-iberico-el-pais-publica-amplio-reportaje-y-video-sobre-la-historia-de-tres-radios-comunita-rias-de-mexico-2\/"},"modified":"2025-12-11T12:06:24","modified_gmt":"2025-12-11T19:06:24","slug":"hoy-el-diario-iberico-el-pais-publica-amplio-reportaje-y-video-sobre-la-historia-de-tres-radios-comunita-rias-de-mexico-2","status":"publish","type":"post","link":"https:\/\/politicayrocknrolradio.org\/noticias\/2025\/12\/11\/hoy-el-diario-iberico-el-pais-publica-amplio-reportaje-y-video-sobre-la-historia-de-tres-radios-comunita-rias-de-mexico-2\/","title":{"rendered":"Hoy el diario ib\u00e9rico El Pa\u00eds, publica amplio reportaje y video sobre la historia de tres radios comunita rias de M\u00e9xico"},"content":{"rendered":"<p>Hoy el diario ib\u00e9rico El Pa\u00eds, publica amplio reportaje y video sobre la historia de tres radios comunitarias de M\u00e9xico, entre ellas Politica y Rockanrol Radio, los invitamos a leer la publicaci\u00f3n y agradecemos la referencia a los editores del prestigiado medio internacional.<\/p>\n<p><a href=\"https:\/\/elpais.com\/mexico\/2023-07-26\/de-las-culturas-indigenas-al-feminismo-el-altavoz-rebelde-de-las-radios-comunitarias-en-mexico.html\">https:\/\/elpais.com\/mexico\/2023-07-26\/de-las-culturas-indigenas-al-feminismo-el-altavoz-rebelde-de-las-radios-comunitarias-en-mexico.html<\/a><\/p>\n","protected":false},"excerpt":{"rendered":"<p>Hoy el diario ib\u00e9rico El Pa\u00eds, publica amplio reportaje y video sobre la historia de tres radios comunitarias de M\u00e9xico, entre ellas Politica y Rockanrol Radio, los invitamos a leer la publicaci\u00f3n y agradecemos la referencia a los editores del prestigiado medio internacional. https:\/\/elpais.com\/mexico\/2023-07-26\/de-las-culturas-indigenas-al-feminismo-el-altavoz-rebelde-de-las-radios-comunitarias-en-mexico.html<\/p>\n","protected":false},"author":1,"featured_media":1003,"comment_status":"open","ping_status":"open","sticky":false,"template":"","format":"standard","meta":{"_jetpack_memberships_contains_paid_content":false,"footnotes":""},"categories":[24],"tags":[],"class_list":["post-1005","post","type-post","status-publish","format-standard","has-post-thumbnail","hentry","category-radio"],"jetpack_featured_media_url":"https:\/\/politicayrocknrolradio.org\/noticias\/wp-content\/uploads\/2025\/12\/image-1.png","jetpack_sharing_enabled":true,"_links":{"self":[{"href":"https:\/\/politicayrocknrolradio.org\/noticias\/wp-json\/wp\/v2\/posts\/1005","targetHints":{"allow":["GET"]}}],"collection":[{"href":"https:\/\/politicayrocknrolradio.org\/noticias\/wp-json\/wp\/v2\/posts"}],"about":[{"href":"https:\/\/politicayrocknrolradio.org\/noticias\/wp-json\/wp\/v2\/types\/post"}],"author":[{"embeddable":true,"href":"https:\/\/politicayrocknrolradio.org\/noticias\/wp-json\/wp\/v2\/users\/1"}],"replies":[{"embeddable":true,"href":"https:\/\/politicayrocknrolradio.org\/noticias\/wp-json\/wp\/v2\/comments?post=1005"}],"version-history":[{"count":1,"href":"https:\/\/politicayrocknrolradio.org\/noticias\/wp-json\/wp\/v2\/posts\/1005\/revisions"}],"predecessor-version":[{"id":1006,"href":"https:\/\/politicayrocknrolradio.org\/noticias\/wp-json\/wp\/v2\/posts\/1005\/revisions\/1006"}],"wp:featuredmedia":[{"embeddable":true,"href":"https:\/\/politicayrocknrolradio.org\/noticias\/wp-json\/wp\/v2\/media\/1003"}],"wp:attachment":[{"href":"https:\/\/politicayrocknrolradio.org\/noticias\/wp-json\/wp\/v2\/media?parent=1005"}],"wp:term":[{"taxonomy":"category","embeddable":true,"href":"https:\/\/politicayrocknrolradio.org\/noticias\/wp-json\/wp\/v2\/categories?post=1005"},{"taxonomy":"post_tag","embeddable":true,"href":"https:\/\/politicayrocknrolradio.org\/noticias\/wp-json\/wp\/v2\/tags?post=1005"}],"curies":[{"name":"wp","href":"https:\/\/api.w.org\/{rel}","templated":true}]}}